{"id":297,"date":"2017-10-08T11:04:21","date_gmt":"2017-10-08T10:04:21","guid":{"rendered":"http:\/\/wp.dirknowak.de\/?p=297"},"modified":"2017-10-08T11:04:21","modified_gmt":"2017-10-08T10:04:21","slug":"arbeit-von-dirk-nowak-im-br-fernsehen","status":"publish","type":"post","link":"http:\/\/wp.dirknowak.de\/?p=297","title":{"rendered":"Arbeit von Dirk Nowak im BR-Fernsehen"},"content":{"rendered":"<div class=\"news-single-img\">&nbsp;<\/div>\n<div class=\"subheader\">Bilder von Wangen und der Arbeit von Restaurator Dirk Nowak hat das Bayerische Fernsehen (BR) f\u00fcr einen Beitrag (Sendetermin: 07.10.2017, 17:45 Uhr) eingefangen.<\/div>\n<p>Zwei Drehtage hat ein Team des BR-Fernsehens in Wangen verbracht und einen Filmbeitrag \u00fcber den Restaurator Dirk Nowak und seine Arbeit in Wangen gedreht. Einfach hingerissen war Autorin Elisabeth Leinisch von Nowak und seiner Frau Maike. \u201eEin echtes Dreamteam durften wir hier aufnehmen\u201c, sagte sie, w\u00e4hrend Dirk Nowak f\u00fcr die Kamera den Kopfw\u00e4schebrunnen reinigte. Die aufstiebende Fl\u00fcssigkeit sorgte f\u00fcr eindrucksvolle Bilder.<\/p>\n<div id=\"attachment_300\" style=\"width: 810px\" class=\"wp-caption alignnone\"><a href=\"http:\/\/wp.dirknowak.de\/wp-content\/uploads\/2017\/10\/800_Nowak_P8070087.jpg\"><img loading=\"lazy\" decoding=\"async\" aria-describedby=\"caption-attachment-300\" class=\"size-full wp-image-300\" src=\"http:\/\/wp.dirknowak.de\/wp-content\/uploads\/2017\/10\/800_Nowak_P8070087.jpg\" alt=\"\" width=\"800\" height=\"600\" srcset=\"http:\/\/wp.dirknowak.de\/wp-content\/uploads\/2017\/10\/800_Nowak_P8070087.jpg 800w, http:\/\/wp.dirknowak.de\/wp-content\/uploads\/2017\/10\/800_Nowak_P8070087-300x225.jpg 300w, http:\/\/wp.dirknowak.de\/wp-content\/uploads\/2017\/10\/800_Nowak_P8070087-768x576.jpg 768w, http:\/\/wp.dirknowak.de\/wp-content\/uploads\/2017\/10\/800_Nowak_P8070087-624x468.jpg 624w\" sizes=\"auto, (max-width: 800px) 100vw, 800px\" \/><\/a><p id=\"caption-attachment-300\" class=\"wp-caption-text\">Foto S. M\u00fcller<\/p><\/div>\n<p>Es hatte seinen Grund, weshalb das Team nicht nur in der Werkstatt und rund um den Nowak-Stadel in Deuchelried drehte. \u201eWangen ist so eine sch\u00f6ne Stadt, ein echtes Kleinod\u201c, schw\u00e4rmte Leinisch, die f\u00fcr die Sendung \u201eZwischen Spessart und Karwedel\u201c schon viel in Bayern herumgekommen ist, und versprach spontan, privat wiederkommen zu wollen. Das Stadtbild sorge f\u00fcr einen wunderbaren Rahmen f\u00fcr das Portr\u00e4t Dirk Nowaks.<\/p>\n<p>Titel des Films wird \u201eDirk Nowak \u2013 der moderne Mechler\u201c sein. Ein Mechler ist im Bayerischen ein Mensch, der eigentlich alles kann und aus allem etwas machen kann. \u201eIch habe noch nie jemanden gesehen, der so viele handwerkliche Fachbereiche mit so viel Sachverstand beherrscht und dar\u00fcber hinaus auch einfach sehr viel wei\u00df\u201c, sagte Leinisch. Sie hat sich mit ihrem Team Michael Maylandt (Kamera) und Lisa Richter (Kameraassistenz) von Dirk Nowak auch noch den Eselbrunnen und den Spuckbrunnen zeigen und erkl\u00e4ren lassen.<\/p>\n<p>Der preisgekr\u00f6nte Nowak-Stadel wird ebenso ins richtige Licht ger\u00fcckt, wie die Themen Metall- und M\u00f6belrestauration, Schallschutz im B\u00fcro, \u201eaus alt mach neu\u201c und die Herstellung von Hirschlederteppichen. Dieses Produkt hatte eigentlich auch den Ansto\u00df f\u00fcr den Besuch der Fernsehleute gegeben. Denn ein Magazin hatte \u00fcber die Herstellung dieser besonderen Teppichart im Hause Nowak berichtet und so war auch der BR in M\u00fcnchen auf den \u201eMechler\u201c aufmerksam geworden.<\/p>\n<p>(Text Susanne M\u00fcller, Stadt Wangen)<\/p>\n<p>Der Film wurde in der BR-Sendung \u201eZwischen Spessart und Karwendel\u201c am &nbsp;Samstag, den 07.10.2017 um 17:45 Uhr erstmals ausgestrahlt.<\/p>\n<p>Sie m\u00f6chten den Film sehen?, Folgen Sie einfach dem Link zum Beitrag in der BR &#8211; Mediathek:<\/p>\n<p><a href=\"http:\/\/www.br.de\/mediathek\/video\/sendungen\/zwischen-spessart-und-karwendel\/nowak-maechler-deuchelried-100.html\">nowak-maechler-deuchelried-100.html<\/a><\/p>\n","protected":false},"excerpt":{"rendered":"<p>&nbsp; Bilder von Wangen und der Arbeit von Restaurator Dirk Nowak hat das Bayerische Fernsehen (BR) f\u00fcr einen Beitrag (Sendetermin: 07.10.2017, 17:45 Uhr) eingefangen. Zwei Drehtage hat ein Team des BR-Fernsehens in Wangen verbracht und einen Filmbeitrag \u00fcber den Restaurator Dirk Nowak und seine Arbeit in Wangen gedreht. Einfach hingerissen war Autorin Elisabeth Leinisch von Nowak und seiner Frau Maike&#8230;. <a href=\"http:\/\/wp.dirknowak.de\/?p=297\">weiterlesen &raquo;<\/a><\/p>\n","protected":false},"author":1,"featured_media":300,"comment_status":"open","ping_status":"open","sticky":false,"template":"","format":"standard","meta":{"ngg_post_thumbnail":0,"footnotes":""},"categories":[2,6],"tags":[],"class_list":["post-297","post","type-post","status-publish","format-standard","has-post-thumbnail","hentry","category-aktuelles","category-zeitungsartikel"],"_links":{"self":[{"href":"http:\/\/wp.dirknowak.de\/index.php?rest_route=\/wp\/v2\/posts\/297","targetHints":{"allow":["GET"]}}],"collection":[{"href":"http:\/\/wp.dirknowak.de\/index.php?rest_route=\/wp\/v2\/posts"}],"about":[{"href":"http:\/\/wp.dirknowak.de\/index.php?rest_route=\/wp\/v2\/types\/post"}],"author":[{"embeddable":true,"href":"http:\/\/wp.dirknowak.de\/index.php?rest_route=\/wp\/v2\/users\/1"}],"replies":[{"embeddable":true,"href":"http:\/\/wp.dirknowak.de\/index.php?rest_route=%2Fwp%2Fv2%2Fcomments&post=297"}],"version-history":[{"count":3,"href":"http:\/\/wp.dirknowak.de\/index.php?rest_route=\/wp\/v2\/posts\/297\/revisions"}],"predecessor-version":[{"id":301,"href":"http:\/\/wp.dirknowak.de\/index.php?rest_route=\/wp\/v2\/posts\/297\/revisions\/301"}],"wp:featuredmedia":[{"embeddable":true,"href":"http:\/\/wp.dirknowak.de\/index.php?rest_route=\/wp\/v2\/media\/300"}],"wp:attachment":[{"href":"http:\/\/wp.dirknowak.de\/index.php?rest_route=%2Fwp%2Fv2%2Fmedia&parent=297"}],"wp:term":[{"taxonomy":"category","embeddable":true,"href":"http:\/\/wp.dirknowak.de\/index.php?rest_route=%2Fwp%2Fv2%2Fcategories&post=297"},{"taxonomy":"post_tag","embeddable":true,"href":"http:\/\/wp.dirknowak.de\/index.php?rest_route=%2Fwp%2Fv2%2Ftags&post=297"}],"curies":[{"name":"wp","href":"https:\/\/api.w.org\/{rel}","templated":true}]}}