{"id":324,"date":"2020-04-01T11:39:56","date_gmt":"2020-04-01T10:39:56","guid":{"rendered":"http:\/\/wp.dirknowak.de\/?p=324"},"modified":"2020-04-25T11:06:06","modified_gmt":"2020-04-25T10:06:06","slug":"schutzmasken-bmns-aus-wangener-fertigung-in-baumwolle","status":"publish","type":"post","link":"http:\/\/wp.dirknowak.de\/?p=324","title":{"rendered":"SCHUTZMASKEN (BMNS) aus WANGENer Fertigung in Baumwolle!"},"content":{"rendered":"\n<h3 class=\"wp-block-heading\"><em>Produktion von &nbsp;<strong>B<\/strong>ehelfs<strong>M<\/strong>und-<strong>N<\/strong>asen-<strong>S<\/strong>chutz (BMNS) in Gro\u00dfserie in Zusammenarbeit mit der Beutel GmbH in Wangen aufgenommen.&nbsp;<\/em><\/h3>\n\n\n\n<p>Unser<strong>&nbsp;B<\/strong>ehelfs-<strong>M<\/strong>und<strong>-N<\/strong>asen-<strong>S<\/strong>chutz (<strong>BMNS<\/strong>) wurde nach eine \u00f6ffentlichen Vorgabe der Stadt Essen in optimierter Form gefertigt.<\/p>\n\n\n\n<p>Es ist f\u00fcr Krankenh\u00e4user + Altenheime, Arztpraxen und Lebensmittelhandel, Verwaltungen + Betriebe sowie Familien geeignet.&nbsp;Aufgrund des Notstandes an Mundschutz leistet dieser BMNS einen wirksamen Beitrag zur Verz\u00f6gerung in der Ausbreitung der Pandemie \u201eCorona Virus\u201c.&nbsp;Ziel ist es eine Verbesserung der Versorgungslage zu erreichen.<\/p>\n\n\n\n<figure class=\"wp-block-image is-resized\"><img loading=\"lazy\" decoding=\"async\" src=\"http:\/\/wp.xn--allgucasedesign-3kb.de\/wp-content\/uploads\/2020\/04\/IMG_5949.jpeg\" alt=\"\" class=\"wp-image-1010\" width=\"321\" height=\"241\"\/><\/figure>\n\n\n\n<figure class=\"wp-block-image\"><img decoding=\"async\" src=\"http:\/\/wp.xn--allgucasedesign-3kb.de\/wp-content\/uploads\/2020\/04\/IMG_5948.jpeg\" alt=\"\" class=\"wp-image-1009\"\/><\/figure>\n\n\n\n<p>Das Produkt zeichnet sich durch seine gute Passform und qualitative Verarbeitung in hochwertigem Baumwollstoff in doppellagiger Ausf\u00fchrung aus. Er ist wiederverwendbar weil er selbst hygienisch gehalten werden kann.<\/p>\n\n\n\n<p>Zur Trageweise des BMNS:&nbsp;Er wird mit den B\u00e4ndern&nbsp;am Hinterkopf und Nacken gebunden (siehe Bilder). Mit einem integrierten flexiblen Metall in der Mitte des oberen Randes wird die Halbmaske an den Nasenr\u00fccken gedr\u00fcckt, um das Gesichtsfeld frei zu halten und den Atemluftaustritt nach oben einzuschr\u00e4nken.&nbsp;Die Qualit\u00e4t in Verarbeitung und die Tauglichkeit der Passform konnte mit unserem Erstkunden, einem bayrischen Gro\u00dfklinikum, abgestimmt werden.<\/p>\n\n\n\n<p>Zur Hygiene des BMNS:&nbsp;Vor einer Erstnutzung, sowie nach jeder weiteren Nutzung, kann der BMNS durch einen Waschgang mit 90 \u2013 95\u00b0C gereinigt und danach hygienisch wiederverwendet werden.<\/p>\n\n\n\n<p>Zulassung und Zertifizierung:&nbsp;Die Kennzeichnungspflicht des BMNS wurde von Dr. Eva Junger RP \u2013 T\u00dcBINGEN,Referat 25., f\u00fcr \u00e4rztliche und pharmazeutische Angelegenheiten gepr\u00fcft und als erf\u00fcllt erkl\u00e4rt.&nbsp;Detaillierte Angaben zu den verwendeten Materialien entnehmen Sie bitte den anh\u00e4ngenden Zertifikaten.&nbsp;<a href=\"http:\/\/wp.xn--allgucasedesign-3kb.de\/wp-content\/uploads\/2020\/04\/Mundschutz-BMNS-31.3.2020-Info-Preise.pdf\">Mundschutz BMNS 31.3.2020 Info + Preise<\/a><\/p>\n\n\n\n<p>F\u00fcr die BMNS gibt es bundesweit bislang keine Zertifizierung, daher k\u00f6nnen wir den BMNS unter Haftungsausschluss abgeben.<\/p>\n\n\n\n<p>Bei konkretem Interesse an den&nbsp;<strong>B<\/strong>ehelfs<strong>&nbsp;M<\/strong>und<strong>&nbsp;N<\/strong>asen<strong>&nbsp;S<\/strong>chutz, fragen Sie bitte Ihre Wunschmengen mit Lieferzeiten an.<\/p>\n\n\n\n<p><strong><u>Bestellformular:<\/u><\/strong><\/p>\n\n\n\n<p>Auftraggeber &#8211; Rechnungs- Lieferanschrift:<\/p>\n\n\n\n<p>Name:<\/p>\n\n\n\n<p>Stra\u00dfe:<\/p>\n\n\n\n<p>PLZ, \/Ort:<\/p>\n\n\n\n<p>Telefonnummer:<\/p>\n\n\n\n<p>e-Mail:<\/p>\n\n\n\n<p><strong><u>Hiermit bestellen Sie den Behelfs- Mund- Nasen- Schutz in folgender Menge:<\/u><\/strong><\/p>\n\n\n\n<p><strong><u>Anzahl\u00a0\u00a0\u00a0\u00a0\u00a0\u00a0\u00a0\u00a0\u00a0\u00a0\u00a0\u00a0\u00a0\u00a0\u00a0\u00a0\u00a0\u00a0\u00a0\u00a0\u00a0\u00a0\u00a0\u00a0\u00a0\u00a0\u00a0\u00a0Staffelpreise\u00a0\u00a0\u00a0\u00a0\u00a0\u00a0\u00a0\u00a0\u00a0\u00a0\u00a0\u00a0\u00a0\u00a0\u00a0\u00a0\u00a0\u00a0\u00a0\u00a0\u00a0\u00a0\u00a0\u00a0\u00a0\u00a0\u00a0\u00a0\u00a0\u00a0\u00a0\u00a0\u00a0\u00a0\u00a0\u00a0\u00a0\u00a0\u00a0\u00a0\u00a0\u00a0                     <\/u><\/strong><\/p>\n\n\n\n<p>10.000 St\u00fcck\u00a0\u00a0\u00a0\u00a0\u00a03,58 \u20ac \/ St\u00fcck zzgl. 19% MWSt = 4,26 \u20ac \/ St\u00fcck\u00a0\u00a0\u00a0\u00a0\u00a0\u00a0\u00a0\u00a0\u00a0\u00a0\u00a0\u00a0\u00a0\u00a0\u00a0\u00a0\u00a0\u00a0\u00a0\u00a0\u00a0\u00a0\u00a0\u00a0\u00a0\u00a0\u00a0\u00a0<\/p>\n\n\n\n<p>1000 St\u00fcck\u00a0\u00a0\u00a0\u00a03,70 \u20ac \/ St\u00fcck zzgl. 19% MWSt = 4,40 \u20ac \/ St\u00fcck\u00a0\u00a0\u00a0\u00a0\u00a0\u00a0\u00a0\u00a0\u00a0\u00a0\u00a0\u00a0\u00a0\u00a0\u00a0\u00a0\u00a0\u00a0\u00a0\u00a0\u00a0\u00a0\u00a0\u00a0\u00a0\u00a0\u00a0\u00a0\u00a0\u00a0\u00a0\u00a0\u00a0\u00a0\u00a0\u00a0<\/p>\n\n\n\n<p>50 St\u00fcck\u00a0\u00a0\u00a0\u00a03,90 \u20ac \/ St\u00fcck zzgl. 19% MWSt = 4,64 \u20ac \/ St\u00fcck\u00a0\u00a0\u00a0\u00a0\u00a0\u00a0\u00a0\u00a0\u00a0\u00a0\u00a0\u00a0\u00a0\u00a0\u00a0\u00a0\u00a0\u00a0\u00a0\u00a0\u00a0\u00a0\u00a0\u00a0\u00a0\u00a0\u00a0\u00a0\u00a0\u00a0\u00a0   <\/p>\n\n\n\n<p>25 St\u00fcck\u00a0\u00a0\u00a0\u00a04,20 \u20ac \/ St\u00fcck zzgl. 19% MWSt= 5,00 \u20ac \/ St\u00fcck\u00a0\u00a0\u00a0\u00a0\u00a0\u00a0\u00a0\u00a0\u00a0\u00a0\u00a0\u00a0\u00a0\u00a0\u00a0\u00a0\u00a0\u00a0\u00a0\u00a0\u00a0\u00a0\u00a0\u00a0\u00a0\u00a0\u00a0\u00a0\u00a0\u00a0\u00a0\u00a0\u00a0\u00a0\u00a0\u00a0\u00a0<\/p>\n\n\n\n<p>Bei Versandwunsch zuz\u00fcglich Verpackung- und Versandkosten.<\/p>\n\n\n\n<p>Wie in der Produktbeschreibung, die im Internet&nbsp;unter (<a>http:\/\/wp.allg\u00e4ucasedesign.de\/?p=1005<\/a>)steht, sind neben dem verwendeten Baumwollstoff und Garn auch die Zertifizierung ihrer Hersteller nach zu lesen. Die sorgf\u00e4ltige Verarbeitung k\u00f6nnen wir zusichern.&nbsp;<\/p>\n\n\n\n<p>Dennoch sind wir gehalten dies Produkt nur unter Haftungsausschluss an Sie ab zu geben.<\/p>\n\n\n\n<p>Mit ihrer Unterschrift bestellen Sie einerseits verbindlich.<\/p>\n\n\n\n<p>Auch best\u00e4tigen Sie ausdr\u00fccklich unseren Haftungsausschluss f\u00fcr das Produkt.<\/p>\n\n\n\n<p>Ort, Datum und Unterschrift des Auftraggebers<\/p>\n\n\n\n<p>Dirk Nowak,&nbsp;Gesch\u00e4ftsf\u00fchrer,&nbsp;Entwicklung, Verkauf und Vertrieb<\/p>\n\n\n\n<p>Obere Dorfstra\u00dfe 2., 88239 Wangen \/ Deuchelried,&nbsp;<\/p>\n\n\n\n<p>tel.: +49 7522 9784452&nbsp;mobil: +49 175 2069770&nbsp;e-Mail: info@dirknowak.de<\/p>\n","protected":false},"excerpt":{"rendered":"<p>Produktion von &nbsp;BehelfsMund-Nasen-Schutz (BMNS) in Gro\u00dfserie in Zusammenarbeit mit der Beutel GmbH in Wangen aufgenommen.&nbsp; Unser&nbsp;Behelfs-Mund-Nasen-Schutz (BMNS) wurde nach eine \u00f6ffentlichen Vorgabe der Stadt Essen in optimierter Form gefertigt. Es ist f\u00fcr Krankenh\u00e4user + Altenheime, Arztpraxen und Lebensmittelhandel, Verwaltungen + Betriebe sowie Familien geeignet.&nbsp;Aufgrund des Notstandes an Mundschutz leistet dieser BMNS einen wirksamen Beitrag zur Verz\u00f6gerung in der Ausbreitung der&#8230; <a href=\"http:\/\/wp.dirknowak.de\/?p=324\">weiterlesen &raquo;<\/a><\/p>\n","protected":false},"author":1,"featured_media":322,"comment_status":"open","ping_status":"open","sticky":false,"template":"","format":"standard","meta":{"ngg_post_thumbnail":0,"footnotes":""},"categories":[2,4],"tags":[],"class_list":["post-324","post","type-post","status-publish","format-standard","has-post-thumbnail","hentry","category-aktuelles","category-projekte"],"_links":{"self":[{"href":"http:\/\/wp.dirknowak.de\/index.php?rest_route=\/wp\/v2\/posts\/324","targetHints":{"allow":["GET"]}}],"collection":[{"href":"http:\/\/wp.dirknowak.de\/index.php?rest_route=\/wp\/v2\/posts"}],"about":[{"href":"http:\/\/wp.dirknowak.de\/index.php?rest_route=\/wp\/v2\/types\/post"}],"author":[{"embeddable":true,"href":"http:\/\/wp.dirknowak.de\/index.php?rest_route=\/wp\/v2\/users\/1"}],"replies":[{"embeddable":true,"href":"http:\/\/wp.dirknowak.de\/index.php?rest_route=%2Fwp%2Fv2%2Fcomments&post=324"}],"version-history":[{"count":3,"href":"http:\/\/wp.dirknowak.de\/index.php?rest_route=\/wp\/v2\/posts\/324\/revisions"}],"predecessor-version":[{"id":331,"href":"http:\/\/wp.dirknowak.de\/index.php?rest_route=\/wp\/v2\/posts\/324\/revisions\/331"}],"wp:featuredmedia":[{"embeddable":true,"href":"http:\/\/wp.dirknowak.de\/index.php?rest_route=\/wp\/v2\/media\/322"}],"wp:attachment":[{"href":"http:\/\/wp.dirknowak.de\/index.php?rest_route=%2Fwp%2Fv2%2Fmedia&parent=324"}],"wp:term":[{"taxonomy":"category","embeddable":true,"href":"http:\/\/wp.dirknowak.de\/index.php?rest_route=%2Fwp%2Fv2%2Fcategories&post=324"},{"taxonomy":"post_tag","embeddable":true,"href":"http:\/\/wp.dirknowak.de\/index.php?rest_route=%2Fwp%2Fv2%2Ftags&post=324"}],"curies":[{"name":"wp","href":"https:\/\/api.w.org\/{rel}","templated":true}]}}